{"id":770,"date":"2020-08-31T06:46:00","date_gmt":"2020-08-31T06:46:00","guid":{"rendered":""},"modified":"2021-12-01T09:20:28","modified_gmt":"2021-12-01T09:20:28","slug":"kris-van-de-poel-taalunie-een-brug","status":"publish","type":"post","link":"https:\/\/ingridglorie.nl\/?p=770","title":{"rendered":"Kris van de Poel (Taalunie): \u2018Een brug slaan tussen mensen doe je door taal\u2019"},"content":{"rendered":"<p style=\"text-align: center;\"><span style=\"font-size: x-small;\">&nbsp;(Dit interview is in mei 2020 verschenen in <i>Spectrum<\/i>, het digitale tijdschrift van het Zuid-Afrikahuis.)<\/span><\/p>\n<p style=\"line-height: 115%; margin-bottom: 0cm;\"><b><span style=\"font-family: &quot;Times New Roman&quot;,serif; font-size: 12pt; line-height: 115%;\">Op<br \/>\n1 maart begon Kris van de Poel haar nieuwe baan als algemeen secretaris van de<br \/>\nTaalunie. Twee weken later werd de lockdown afgekondigd en ging de grens tussen<br \/>\nNederland en Belgi\u00eb op slot. Vanuit haar huis in Antwerpen vertelt ze via videobellen<br \/>\nwat de impact van de coronacrisis op het werk van de Taalunie is, en over haar<br \/>\nband met Zuid-Afrika, een land dat al sinds 1995 een bijzondere plek in haar<br \/>\nleven heeft.<span style=\"mso-spacerun: yes;\">&nbsp; <\/span><o:p><\/o:p><\/span><\/b><\/p>\n<p style=\"line-height: 115%; margin-bottom: 0cm;\"><span style=\"font-family: &quot;Times New Roman&quot;,serif; font-size: 12pt; line-height: 115%;\"><o:p>&nbsp;<\/o:p><\/span><\/p>\n<p style=\"line-height: 115%; margin-bottom: 0cm;\"><span style=\"font-family: &quot;Times New Roman&quot;,serif; font-size: 12pt; line-height: 115%;\"><\/span><\/p>\n<table align=\"center\" cellpadding=\"0\" cellspacing=\"0\" class=\"tr-caption-container\" style=\"margin-left: auto; margin-right: auto;\">\n<tbody>\n<tr>\n<td style=\"text-align: center;\"><a href=\"https:\/\/1.bp.blogspot.com\/-PjiSkUdJEwQ\/X0yeNZuskPI\/AAAAAAAAB7A\/QlagRbKpjHwP8qO22DPWfFtO0d6ku6cHACLcBGAsYHQ\/s1196\/Kris%2Bvan%2Bde%2BPoel%2B2.JPG\" style=\"margin-left: auto; margin-right: auto;\"><i><span style=\"font-size: x-small;\"><img fetchpriority=\"high\" decoding=\"async\" border=\"0\" data-original-height=\"1196\" data-original-width=\"1196\" height=\"513\" src=\"https:\/\/ingridglorie.nl\/wp-content\/uploads\/2020\/08\/Kris2Bvan2Bde2BPoel2B2.jpg\" class=\"wp-image-771\" width=\"513\" \/><\/span><\/i><\/a><\/td>\n<\/tr>\n<tr>\n<td class=\"tr-caption\" style=\"text-align: center;\">\n<div style=\"background: white;\"><span style=\"font-family: &quot;Times New Roman&quot;, serif; line-height: 107%;\"><i><span style=\"font-size: x-small;\">Kris van de Poel in de voordeur van het kantoor van de Taalunie aan<br \/>\nde Paleisstraat in Den Haag.<br \/><\/span><\/i><\/span><i style=\"font-family: &quot;Times New Roman&quot;, serif;\"><span style=\"font-size: x-small;\">De foto is genomen op maandag 16 maart, de avond<br \/>\nvoor de lockdown. Van de Poel heeft de sleutel&nbsp;<br \/><\/span><\/i><i style=\"font-family: &quot;Times New Roman&quot;, serif;\"><span style=\"font-size: x-small;\">van het gebouw in haar hand;&nbsp;<\/span><\/i><i style=\"font-family: &quot;Times New Roman&quot;, serif;\"><span style=\"font-size: x-small;\">hierna gaat alles op slot. \/ Foto: DvC<\/span><\/i><\/div>\n<\/td>\n<\/tr>\n<\/tbody>\n<\/table>\n<div class=\"separator\" style=\"clear: both; text-align: center;\">\n<\/div>\n<p>Eerst<br \/>\nmaar weer even over de naam van haar nieuwe werkgever. Jarenlang stond de<br \/>\norganisatie bekend als de \u2018Nederlandse Taalunie\u2019 of, afgekort, \u2018NTU\u2019. Enkele<br \/>\njaren geleden verdween het adjectief \u2018Nederlandse\u2019 uit de offici\u00eble<br \/>\ncommunicatie. Dat gebeurde zo subtiel dat veel mensen het nu nog steeds over de<br \/>\n\u2018NTU\u2019 hebben.<o:p><\/o:p><\/p>\n<p style=\"line-height: 115%; margin-bottom: 0cm; text-indent: 18pt;\"><span style=\"font-family: &quot;Times New Roman&quot;,serif; font-size: 12pt; line-height: 115%;\">Van<br \/>\nde Poel laat er geen misverstand over bestaan. \u2018Als je het woord \u201cNederlands\u201d<br \/>\nvoor een substantief plaatst, dan wekt dat de indruk dat het <i>uit Nederland<\/i><br \/>\n<i>komt<\/i>\u2019, legt ze uit. \u2018En dat is natuurlijk niet zo. De Taalunie is een<br \/>\nintergouvernementele organisatie die zowel Vlaanderen als Nederland bestrijkt,<br \/>\nterwijl er ook een associatieverdrag met Suriname is gesloten.\u2019<o:p><\/o:p><\/span><\/p>\n<p style=\"line-height: 115%; margin-bottom: 0cm; text-indent: 18pt;\"><span style=\"font-family: &quot;Times New Roman&quot;,serif; font-size: 12pt; line-height: 115%;\">De<br \/>\nTaalunie heeft als opdracht beleid voor het Nederlands in Nederland, Vlaanderen<br \/>\nen Suriname te ontwikkelen en te stimuleren, en het Nederlands in de wereld te<br \/>\nondersteunen. Hoewel het Afrikaans formeel niet tot het werkterrein van de<br \/>\nTaalunie behoort, is er vanuit de Taalunie wel al jaren warme belangstelling<br \/>\nvoor het Afrikaans en de andere talen van Zuid-Afrika. <o:p><\/o:p><\/span><\/p>\n<p style=\"line-height: normal; margin-bottom: 0cm;\"><span lang=\"\" style=\"color: black; mso-ansi-language: EN-US; mso-ascii-font-family: Calibri; mso-bidi-font-family: Calibri; mso-fareast-font-family: &quot;Times New Roman&quot;; mso-fareast-language: EN-GB; mso-hansi-font-family: Calibri;\"><o:p>&nbsp;<\/o:p><\/span><\/p>\n<p style=\"line-height: 115%; margin-bottom: 0cm;\"><b><span style=\"font-family: &quot;Times New Roman&quot;,serif; font-size: 12pt; line-height: 115%;\">Een<br \/>\nopmerkelijke start<\/span><\/b><span style=\"font-family: &quot;Times New Roman&quot;,serif; font-size: 12pt; line-height: 115%;\"> <o:p><\/o:p><\/span><\/p>\n<p style=\"line-height: 115%; margin-bottom: 0cm;\"><span style=\"font-family: &quot;Times New Roman&quot;,serif; font-size: 12pt; line-height: 115%;\">Van<br \/>\nde Poel had zich haar eerste tijd bij de Taalunie anders voorgesteld. Het idee<br \/>\nwas dat ze drie dagen per week bij de hoofdvestiging van de Taalunie in Den Haag<br \/>\nzou werken en \u00e9\u00e9n dag op het kantoor in Brussel, en dat ze dan nog een dag elders<br \/>\nbezoeken zou kunnen afleggen. Voor haar eerste maanden stonden onder meer werkbezoeken<br \/>\nnaar Berlijn en Berkeley op de agenda, half april zou ze naar Indonesi\u00eb gaan en<br \/>\neind juni naar Namibi\u00eb. Maar door de coronacrisis loopt alles anders.<o:p><\/o:p><\/span><\/p>\n<p style=\"line-height: 115%; margin-bottom: 0cm; text-indent: 35.4pt;\"><span style=\"font-family: &quot;Times New Roman&quot;,serif; font-size: 12pt; line-height: 115%;\">De<br \/>\npositie van algemeen secretaris lijkt haar op het lijf geschreven. Na haar<br \/>\nstudie Engels en Duits (met keuzevakken Nederlands) aan de Universiteit<br \/>\nAntwerpen werkte ze geruime tijd in het buitenland: in Denemarken, Edinburgh en<br \/>\nOxford. In 1990 keerde ze terug naar haar alma mater, eerst als docent<br \/>\nNederlands en directeur van het Talencentrum van de universiteit, daarna als<br \/>\nhoogleraar. Ook stond ze vijf jaar aan het hoofd van de afdeling voor internationale<br \/>\nsamenwerking van de universiteit.<o:p><\/o:p><\/span><\/p>\n<p style=\"line-height: 115%; margin-bottom: 0cm; text-indent: 35.4pt;\"><span style=\"font-family: &quot;Times New Roman&quot;,serif; font-size: 12pt; line-height: 115%;\">Maar<br \/>\nde ervaring die haar tijdens de coronacrisis misschien wel het best van pas<br \/>\nkomt, is die met digitalisering. Al in 1996, in de beginjaren van het internet,<br \/>\nnam ze deel aan een pilot van telefoonmaatschappij Alcatel Bell, waarbij ze via<br \/>\nde desktop Nederlandse les gaf aan tien kinderen verspreid over Europa.<br \/>\nSindsdien heeft ze vele grote internationale projecten geleid waarbij online<br \/>\ncommunicatie en digitaal leren een onmisbare rol speelden. <o:p><\/o:p><\/span><\/p>\n<p style=\"line-height: 115%; margin-bottom: 0cm; text-indent: 35.4pt;\"><span style=\"font-family: &quot;Times New Roman&quot;,serif; font-size: 12pt; line-height: 115%;\">Ze<br \/>\nis dus relatief goed voorbereid op de huidige situatie, waarbij ze<br \/>\nnoodgedwongen thuis zit en via Teams contact houdt met haar medewerkers. Hoewel<br \/>\nhet ook voor haar aftasten blijft. \u2018Het vraagt een heel nieuwe aanpak\u2019, geeft<br \/>\nze toe. \u2018Niemand heeft een routeplanner. Het is belangrijk om open tegenover<br \/>\nelkaar te zijn over wat nog kan, wat niet meer kan en wat er w\u00e9l kan als andere<br \/>\nzaken niet meer kunnen. Gelukkig hebben we bij de Taalunie een warme omgeving. Ik<br \/>\nkan veel doen, maar alleen doordat iedereen meedoet.\u2019<o:p><\/o:p><\/span><\/p>\n<p style=\"line-height: 115%; margin-bottom: 0cm; text-indent: 35.4pt;\"><span style=\"font-family: &quot;Times New Roman&quot;,serif; font-size: 12pt; line-height: 115%;\"><o:p>&nbsp;<\/o:p><\/span><\/p>\n<p style=\"line-height: 115%; margin-bottom: 0cm;\"><b><span style=\"font-family: &quot;Times New Roman&quot;,serif; font-size: 12pt; line-height: 115%;\">Lessen<br \/>\ntrekken uit de coronacrisis<o:p><\/o:p><\/span><\/b><\/p>\n<p style=\"line-height: 115%; margin-bottom: 0cm;\"><span style=\"font-family: &quot;Times New Roman&quot;,serif; font-size: 12pt; line-height: 115%;\">Communicatie<br \/>\nis in deze crisistijd misschien wel belangrijker dan ooit. \u2018Neem de relatie<br \/>\ntussen pati\u00ebnt en zorgverlener\u2019, zegt Van de Poel. \u2018Die is altijd heel fragiel.<br \/>\nEen brug slaan tussen mensen, doe je door duidelijk en empathisch te<br \/>\ncommuniceren, door heldere taal.\u2019<o:p><\/o:p><\/span><\/p>\n<p style=\"line-height: 115%; margin-bottom: 0cm; text-indent: 35.4pt;\"><span style=\"font-family: &quot;Times New Roman&quot;,serif; font-size: 12pt; line-height: 115%;\">Als<br \/>\nwetenschapper heeft Van de Poel sinds 2006 meerdere grote projecten<br \/>\ngeco\u00f6rdineerd rond het thema \u2018communicatie in de zorg\u2019; het onderwerp ligt haar<br \/>\nna aan het hart. Ook de Taalunie is veel met dit thema bezig, vaak samen met het<br \/>\nINT (Instituut voor Nederlandse Taal) in Leiden. Door COVID-19 is het onderwerp<br \/>\nnog hoger op de agenda komen te staan. Van de Poel kan verklappen dat er een<br \/>\nprijs komt die \u2018Zorg voor zorg na corona\u2019 gaat heten, een prijs voor een<br \/>\ninnoverend communicatieproject in de zorg. \u2018Het is belangrijk\u2019, zegt ze, \u2018dat<br \/>\ner, naast het applaus en de waardering die zorgmedewerkers nu krijgen, meer<br \/>\nbewustzijn komt van de slagkracht van communicatie in zo\u2019n moeilijke, delicate context.\u2019<br \/>\n<o:p><\/o:p><\/span><\/p>\n<p style=\"line-height: 115%; margin-bottom: 0cm; text-indent: 35.4pt;\"><span style=\"font-family: &quot;Times New Roman&quot;,serif; font-size: 12pt; line-height: 115%;\">Nu<br \/>\nze deels in Nederland en deels in Belgi\u00eb werkt, valt het haar op dat een<br \/>\nNederlandse arts heel anders met zijn pati\u00ebnt communiceert dan zijn collega in<br \/>\nVlaanderen. \u2018We spreken wel eenzelfde taal, maar we hebben soms een heel andere<br \/>\ncommunicatieve cultuur.\u2019 <o:p><\/o:p><\/span><\/p>\n<p style=\"line-height: 115%; margin-bottom: 0cm; text-indent: 35.4pt;\"><span style=\"font-family: &quot;Times New Roman&quot;,serif; font-size: 12pt; line-height: 115%;\">Ook<br \/>\nde overheidscommunicatie rond de pandemie verschilt. Van de Poel heeft grote<br \/>\nwaardering voor het optreden van de Nederlandse premier. \u2018Rutte doet dat schitterend\u2019,<br \/>\nzegt ze. \u2018Je hoeft geen fan van deze staatsman te zijn om te zien hoe effectief<br \/>\nhij communiceert: zakelijk, en dan komt er een heel lichte zucht, en dan is hij<br \/>\nempathisch.\u2019 De Belgische premier Sophie Wilm\u00e8s komt minder charismatisch over.<br \/>\nVan de Poel wijt dat aan het feit dat de manier van op elkaar reageren in Vlaanderen<br \/>\nvoor de Waalse Wilm\u00e8s vreemd is. \u2018Daaraan zie je wat taal kan doen\u2019,<br \/>\nconstateert ze. \u2018Taal kan mensen verbinden, maar ook verdelen.\u2019 <o:p><\/o:p><\/span><\/p>\n<p style=\"line-height: 115%; margin-bottom: 0cm; text-indent: 35.4pt;\"><span style=\"font-family: &quot;Times New Roman&quot;,serif; font-size: 12pt; line-height: 115%;\">De<br \/>\nNederlandse gebarentolk Irma Sluis, die Rutte tijdens de persconferenties<br \/>\nbijstaat, heeft ook in Belgi\u00eb de sociale media gehaald. Van de Poel vindt de<br \/>\ntoegenomen belangstelling voor gebarentaal (het \u2018Irma-effect\u2019) prachtig. En dat<br \/>\nbrengt haar op een ander Taalunie-project. \u2018Gebarentaal is heel gelokaliseerd: er<br \/>\nbestaat een Vlaamse \u00e9n een Nederlandse gebarentaal. Beide tolken ze naar het<br \/>\nstandaard-Nederlands. Het zou mooi zijn als we er met alle projectmedewerkers een<br \/>\neenheidstaal van zouden kunnen maken, zodat de wereld voor doven en slechthorenden<br \/>\ngroter wordt. Misschien zouden we een voorbeeld kunnen nemen aan Zuid-Afrika.<br \/>\nDat land heeft \u00e9\u00e9n gebarentaal voor alle taalgroepen samen, en Zuid-Afrikaanse<br \/>\ngebarentaal wordt tot de offici\u00eble landstalen gerekend.\u2019<o:p><\/o:p><\/span><\/p>\n<p style=\"line-height: 115%; margin-bottom: 0cm;\"><b><span style=\"font-family: &quot;Times New Roman&quot;,serif; font-size: 12pt; line-height: 115%;\"><o:p>&nbsp;<\/o:p><\/span><\/b><\/p>\n<p style=\"line-height: 115%; margin-bottom: 0cm;\"><b><span style=\"font-family: &quot;Times New Roman&quot;,serif; font-size: 12pt; line-height: 115%;\">Een<br \/>\n\u2018schoolreisje\u2019 met grote gevolgen<o:p><\/o:p><\/span><\/b><\/p>\n<p style=\"line-height: 115%; margin-bottom: 0cm;\"><span style=\"font-family: &quot;Times New Roman&quot;,serif; font-size: 12pt; line-height: 115%;\">\u2018Mijn<br \/>\nzoon heeft in Zuid-Afrika zijn eerste tand gekregen en mijn dochter heeft er leren<br \/>\nlopen\u2019, vertelt Van de Poel. \u2018Het is een land met veel lieve, warme mensen. Een<br \/>\nprachtig land met veel mogelijkheden.\u2019<o:p><\/o:p><\/span><\/p>\n<p style=\"line-height: 115%; margin-bottom: 0cm; text-indent: 18pt;\"><span style=\"font-family: &quot;Times New Roman&quot;,serif; font-size: 12pt; line-height: 115%;\">Van<br \/>\nde Poel leerde Zuid-Afrika kennen in 1995. Als directeur van het Talencentrum<br \/>\naan de Universiteit Antwerpen had ze de ambitie dat het instituut <i>alle<\/i><br \/>\ntalen zou aanbieden, \u2018van A tot Z\u2019. Daarbij stond de \u2018Z\u2019 voor Zweeds en de \u2018A\u2019<br \/>\nvoor Afrikaans, \u2018want \u201c<i>Zuid<\/i>-Afrikaans\u201d bestaat niet\u2019, aldus Van de Poel.<o:p><\/o:p><\/span><\/p>\n<p style=\"line-height: 115%; margin-bottom: 0cm; text-indent: 18pt;\"><span style=\"font-family: &quot;Times New Roman&quot;,serif; font-size: 12pt; line-height: 115%;\">Afrikaans<br \/>\nwerd in de avonduren aangeboden door de destijdse Eerste Secretaris van de<br \/>\nZuid-Afrikaanse ambassade in Brussel, de schrijver Quintus van der Merwe. Vanuit<br \/>\nde groep cursisten ontstond het idee op \u2018schoolreis\u2019 te gaan. Dus zocht Van de<br \/>\nPoel contact met de Zuid-Afrikaanse neerlandici die ze had leren kennen toen ze<br \/>\nzelf als docent Nederlands <i>extra muros<\/i> nog geregeld de colloquia van de IVN<br \/>\n(Internationale Vereniging voor Neerlandistiek) afliep. Twee weken lang zou ze<br \/>\nmet een groep van tien docenten en studenten in een witte combi Zuid-Afrika<br \/>\ndoorkruisen, dwars door de Karoo van noord naar zuid. Onderweg deden ze zeven<br \/>\nuniversiteiten aan. Overal waar ze kwamen, gaven ze lezingen en workshops en<br \/>\nwerden er samenwerkingsakkoorden getekend tussen de Zuid-Afrikaanse<br \/>\nuniversiteit en de Universiteit Antwerpen. \u2018Daardoor heb ik met al die<br \/>\nuniversiteiten mooie en langdurige trajecten kunnen ontwikkelen\u2019, aldus Van de<br \/>\nPoel.<o:p><\/o:p><\/span><\/p>\n<p style=\"line-height: 115%; margin-bottom: 0cm; text-indent: 18pt;\"><span style=\"font-family: &quot;Times New Roman&quot;,serif; font-size: 12pt; line-height: 115%;\">Een<br \/>\nbelangrijke schakel was de Potchefstroomse taalkundige Wannie Carstens, ook een<br \/>\ngoede bekende van het Zuid-Afrikahuis. Samen met hem schreef Van de Poel een<br \/>\nboek over tekstredactie. Het boek verscheen eerst in het Afrikaans en vervolgens,<br \/>\ntelkens in aangepaste vorm, in het Engels, Sesotho en Setswana; de isiZulu-editie<br \/>\nverschijnt binnenkort en een isiXhosa-uitgave is op pad. Natuurlijk deden Van<br \/>\nde Poel en Carstens deze megaklus niet alleen; voor elk deel lieten ze zich<br \/>\nbijstaan door een projectgroep van moedertaalsprekers. Zo\u2019n groot project is<br \/>\nduur, maar Van de Poel ziet het als een investering. \u2018Een project als dit kan<br \/>\nertoe bijdragen dat talen gestandaardiseerd worden. Je geeft die talen een<br \/>\nidentiteit, geloofwaardigheid en academisch prestige.\u2019<o:p><\/o:p><\/span><\/p>\n<p style=\"line-height: 115%; margin-bottom: 0cm; text-indent: 35.4pt;\"><span style=\"font-family: &quot;Times New Roman&quot;,serif; font-size: 12pt; line-height: 115%;\">Van<br \/>\nde Poel heeft \u2018een heel warm gevoel\u2019 bij Carstens en collega\u2019s zoals Tobie van<br \/>\nDyk en Christine Fourie. \u2018Samen laten we dingen gebeuren, over cultuurgrenzen en<br \/>\npolitieke grenzen heen.\u2019 Sinds 2010 is Van de Poel Bijzonder hoogleraar aan de<br \/>\nNoordwes Universiteit.<o:p><\/o:p><\/span><\/p>\n<p style=\"line-height: 115%; margin-bottom: 0cm;\"><span style=\"font-family: &quot;Times New Roman&quot;,serif; font-size: 12pt; line-height: 115%;\"><o:p>&nbsp;<\/o:p><\/span><\/p>\n<p style=\"line-height: 115%; margin-bottom: 0cm;\"><b><span style=\"font-family: &quot;Times New Roman&quot;,serif; font-size: 12pt; line-height: 115%;\">Taalunie<br \/>\nen Afrikaanse Taalraad slaan de handen ineen<o:p><\/o:p><\/span><\/b><\/p>\n<p style=\"line-height: 115%; margin-bottom: 0cm;\"><span style=\"font-family: &quot;Times New Roman&quot;,serif; font-size: 12pt; line-height: 115%;\">Op<br \/>\n30 januari hebben Hans Bennis, scheidend algemeen secretaris van de Taalunie,<br \/>\nen Conrad Steenkamp, directeur van de Afrikaanse Taalraad (ATR), in Den Haag<br \/>\neen overeenkomst getekend om kennis en ervaring uit te wisselen en samen te<br \/>\nwerken om het Nederlands en het Afrikaans te bevorderen. Van de Poel, als<br \/>\naankomend algemeen secretaris, was bij de ondertekening aanwezig.<o:p><\/o:p><\/span><\/p>\n<p style=\"line-height: 115%; margin-bottom: 0cm;\"><span style=\"font-family: &quot;Times New Roman&quot;,serif; font-size: 12pt; line-height: 115%;\"><span style=\"mso-tab-count: 1;\">&nbsp;&nbsp;&nbsp;&nbsp;&nbsp;&nbsp;&nbsp;&nbsp;&nbsp;&nbsp;&nbsp; <\/span>Volgens Van de Poel konden er<br \/>\ndankzij de overeenkomst de afgelopen maanden al flinke stappen gezet worden. \u2018In<br \/>\nhet verleden was de Taalunie ook al actief in Zuid-Afrika. Maar toen hadden we<br \/>\ncontact met allerlei verschillende organisaties, en dat sneed elkaar wel eens. Het<br \/>\npositieve is dat we nu \u00e9\u00e9n partner hebben waarmee we praten.\u2019<o:p><\/o:p><\/span><\/p>\n<p style=\"line-height: 115%; margin-bottom: 0cm; text-indent: 35.4pt;\"><span style=\"font-family: &quot;Times New Roman&quot;,serif; font-size: 12pt; line-height: 115%;\">Een<br \/>\nverheugende bijkomstigheid van het sluiten van de overeenkomst is dat ook de<br \/>\nZuid-Afrikaanse ambassade in Den Haag de Taalunie daarna zijn hulp heeft aangeboden.<o:p><\/o:p><\/span><\/p>\n<p style=\"line-height: 115%; margin-bottom: 0cm;\"><span style=\"font-family: &quot;Times New Roman&quot;,serif; font-size: 12pt; line-height: 115%;\"><o:p>&nbsp;<\/o:p><\/span><\/p>\n<p style=\"line-height: 115%; margin-bottom: 0cm;\"><b><span style=\"font-family: &quot;Times New Roman&quot;,serif; font-size: 12pt; line-height: 115%;\">Nederlands<br \/>\nin Zuid-Afrika<\/span><\/b><span style=\"font-family: &quot;Times New Roman&quot;,serif; font-size: 12pt; line-height: 115%;\"> <o:p><\/o:p><\/span><\/p>\n<p style=\"line-height: 115%; margin-bottom: 0cm;\"><span style=\"font-family: &quot;Times New Roman&quot;,serif; font-size: 12pt; line-height: 115%;\">Een<br \/>\nvan de projecten waarbij de Afrikaanse Taalraad een ondersteunende rol kan spelen,<br \/>\nis de oprichting van een leerstoel Nederlands in Zuid-Afrika.<o:p><\/o:p><\/span><\/p>\n<p style=\"line-height: 115%; margin-bottom: 0cm; text-indent: 35.4pt;\"><span style=\"font-family: &quot;Times New Roman&quot;,serif; font-size: 12pt; line-height: 115%;\">De<br \/>\nLage Landen tellen op dit moment vier leerstoelen Afrikaans: in Amsterdam,<br \/>\nLeiden, Antwerpen en Gent. Omdat de afstanden in Nederland en Belgi\u00eb relatief<br \/>\nkort zijn, kunnen studenten makkelijk bij meerdere universiteiten colleges<br \/>\nvolgen.<o:p><\/o:p><\/span><\/p>\n<p style=\"line-height: 115%; margin-bottom: 0cm; text-indent: 35.4pt;\"><span style=\"font-family: &quot;Times New Roman&quot;,serif; font-size: 12pt; line-height: 115%;\">\u2018Dat<br \/>\nis in Zuid-Afrika natuurlijk anders\u2019, zegt Van de Poel. \u2018Dus moet een leerstoel<br \/>\nin Zuid-Afrika op een andere manier worden vormgegeven. Bovendien moet je<br \/>\nnadenken over de vraag wat de relevantie van zo\u2019n leerstoel kan zijn. Waar moet<br \/>\nhet over gaan?\u2019<o:p><\/o:p><\/span><\/p>\n<p style=\"line-height: 115%; margin-bottom: 0cm; text-indent: 35.4pt;\"><span style=\"font-family: &quot;Times New Roman&quot;,serif; font-size: 12pt; line-height: 115%;\">De<br \/>\nTaalunie heeft de Afrikaanse Taalraad gevraagd met een voorstel voor de nieuw<br \/>\nop te richten leerstoel te komen in samenspraak met de betrokkenen in het veld<br \/>\nen de SAVN als sleutelfiguur. Andere projecten waarin de Taalunie al een<br \/>\naandeel had en die nu bij de ATR neergelegd zijn, zijn het digitale<br \/>\ntaalkundeplatform <\/span><a href=\"https:\/\/taalportaal.org\/taalportaal\/topic\/\"><span style=\"font-family: &quot;Times New Roman&quot;,serif; font-size: 12pt; line-height: 115%;\">Taalportaal<\/span><\/a><span style=\"font-family: &quot;Times New Roman&quot;,serif; font-size: 12pt; line-height: 115%;\"><br \/>\nen de uitbreiding van de afdeling Zuid-Afrikaanse literatuur op de <\/span><a href=\"https:\/\/www.dbnl.org\/letterkunde\/zuidafrika\/index.php\"><span style=\"font-family: &quot;Times New Roman&quot;,serif; font-size: 12pt; line-height: 115%;\">DBNL<br \/>\n(Digitale Bibliotheek van de Nederlandse Letteren<\/span><\/a><span style=\"font-family: &quot;Times New Roman&quot;,serif; font-size: 12pt; line-height: 115%;\">).<br \/>\n<o:p><\/o:p><\/span><\/p>\n<p style=\"line-height: 115%; margin-bottom: 0cm; text-indent: 35.4pt;\"><span style=\"font-family: &quot;Times New Roman&quot;,serif; font-size: 12pt; line-height: 115%;\">\u2018Het<br \/>\nis niet zo dat we massa\u2019s geld hebben\u2019, waarschuwt Van de Poel. \u2018Maar we hebben<br \/>\nkleine budgetten die we op een effectieve manier kunnen inzetten. Als we de<br \/>\nprocessen kunnen aansturen via de ATR, is er meer gegarandeerd dat dat zal<br \/>\ngebeuren.\u2019 <o:p><\/o:p><\/span><\/p>\n<p style=\"line-height: 115%; margin-bottom: 0cm;\"><span style=\"font-family: &quot;Times New Roman&quot;,serif; font-size: 12pt; line-height: 115%;\"><o:p>&nbsp;<\/o:p><\/span><\/p>\n<p style=\"line-height: 115%; margin-bottom: 0cm;\"><b><span style=\"font-family: &quot;Times New Roman&quot;,serif; font-size: 12pt; line-height: 115%;\">Afrikaans<br \/>\nin Nederland<\/span><\/b><span style=\"font-family: &quot;Times New Roman&quot;,serif; font-size: 12pt; line-height: 115%;\"><o:p><\/o:p><\/span><\/p>\n<p style=\"line-height: 115%; margin-bottom: 0cm;\"><span style=\"font-family: &quot;Times New Roman&quot;,serif; font-size: 12pt; line-height: 115%;\">De<br \/>\nsamenwerking met de ATR als lokale partner is kenmerkend voor een principe dat<br \/>\nin Nederlandse diplomatieke kringen inmiddels \u2018cocre\u00ebren\u2019 is gaan heten. De<br \/>\nTaalunie legt niets op; de vraag moet uit het land zelf komen.<o:p><\/o:p><\/span><\/p>\n<p style=\"line-height: 115%; margin-bottom: 0cm; text-indent: 35.4pt;\"><span style=\"font-family: &quot;Times New Roman&quot;,serif; font-size: 12pt; line-height: 115%;\">Ook<br \/>\nals het over aandacht voor het Afrikaans in Nederland en Vlaanderen gaat, hoedt<br \/>\nVan de Poel zich ervoor om voorschriftelijk over te komen. \u2018Ik heb daar niets<br \/>\nin te willen,\u2019 zal ze bijvoorbeeld zeggen, of: \u2018Dat ligt bij de partners zelf\u2019.<o:p><\/o:p><\/span><\/p>\n<p style=\"line-height: 115%; margin-bottom: 0cm; text-indent: 35.4pt;\"><span style=\"font-family: &quot;Times New Roman&quot;,serif; font-size: 12pt; line-height: 115%;\">Natuurlijk<br \/>\nheeft Van de Poel, met haar kennis van Zuid-Afrika en haar lange verbintenis<br \/>\nmet het land, haar eigen idee\u00ebn, bijvoorbeeld over de plaats van Afrikaans in<br \/>\nhet middelbaar onderwijs of binnen de studie Nederlands aan Nederlandse en<br \/>\nVlaamse universiteiten. Maar als algemeen secretaris van de Taalunie kan ze alleen<br \/>\nvoorzichtige hints geven.<o:p><\/o:p><\/span><\/p>\n<p style=\"line-height: 115%; margin-bottom: 0cm; text-indent: 35.4pt;\"><span style=\"font-family: &quot;Times New Roman&quot;,serif; font-size: 12pt; line-height: 115%;\">Toch<br \/>\nwil ze wel iets kwijt over de Week van de Afrikaanse roman en het Festival voor<br \/>\nhet Afrikaans, twee projecten die zowel door de Taalunie als het<br \/>\nZuid-Afrikahuis worden ondersteund en die ook in de overeenkomst met de ATR<br \/>\ngenoemd worden. \u2018Ik denk dat het heel belangrijk is voor een taal en cultuur<br \/>\ndat die ook een internationale uitstraling hebben\u2019, zegt ze. \u2018Zo\u2019n festival hier<br \/>\nkan belangstelling voor de taal en cultuur wekken. Je wilt bij het publiek een<br \/>\nrimpeleffect teweeg brengen dat steeds verder uitkringt. Dus ik denk dat er wel<br \/>\neen bestaansreden is voor zo\u2019n festival, net zoals voor tournees van<br \/>\nschoolkoren en artiesten. Omgekeerd is dat ook zo. Je kunt je het al niet meer<br \/>\nvoorstellen dat op Zuid-Afrikaanse festivals als het Woordfees, het KKNK en<br \/>\nAardklop geen artiesten uit de Lage Landen zouden optreden.\u2019<o:p><\/o:p><\/span><\/p>\n<p style=\"line-height: 115%; margin-bottom: 0cm; text-indent: 35.4pt;\"><span style=\"font-family: &quot;Times New Roman&quot;,serif; font-size: 12pt; line-height: 115%;\">Van<br \/>\nde Poel bewaart goede herinneringen aan een bezoek aan het Zuid-Afrikahuis in<br \/>\ndecember 2019. \u2018Ik denk dat het in deze tijd heel belangrijk is dat<br \/>\ninstellingen met elkaar communiceren, dat er symbioses tot stand gebracht<br \/>\nworden\u2019, zegt ze. \u2018Het Zuid-Afrikahuis kan heel goed bestaan n\u00e1\u00e1st en m\u00e9t een<br \/>\nambassade, een Festival en een SAVN (Suider-Afrikaanse Vereniging vir Neerlandistiek),<br \/>\nzodat er meer met elkaar samengewerkt wordt. We kunnen het ons niet meer<br \/>\nveroorloven om als kleine eilandjes ons werk te doen. Het is belangrijk om<br \/>\nsamen sterk te staan.\u2019<o:p><\/o:p><\/span><\/p>\n","protected":false},"excerpt":{"rendered":"<p>&nbsp;(Dit interview is in mei 2020 verschenen in Spectrum, het digitale tijdschrift van het Zuid-Afrikahuis.) Op 1 maart begon Kris van de Poel haar nieuwe baan als algemeen secretaris van de Taalunie. Twee weken later werd de lockdown afgekondigd en ging de grens tussen Nederland en Belgi\u00eb op slot. Vanuit haar huis in Antwerpen vertelt [&hellip;]<\/p>\n","protected":false},"author":3,"featured_media":771,"comment_status":"closed","ping_status":"closed","sticky":false,"template":"","format":"standard","meta":{"footnotes":""},"categories":[1],"tags":[200,231,232,233,234,235,236,237],"_links":{"self":[{"href":"https:\/\/ingridglorie.nl\/index.php?rest_route=\/wp\/v2\/posts\/770"}],"collection":[{"href":"https:\/\/ingridglorie.nl\/index.php?rest_route=\/wp\/v2\/posts"}],"about":[{"href":"https:\/\/ingridglorie.nl\/index.php?rest_route=\/wp\/v2\/types\/post"}],"author":[{"embeddable":true,"href":"https:\/\/ingridglorie.nl\/index.php?rest_route=\/wp\/v2\/users\/3"}],"replies":[{"embeddable":true,"href":"https:\/\/ingridglorie.nl\/index.php?rest_route=%2Fwp%2Fv2%2Fcomments&post=770"}],"version-history":[{"count":0,"href":"https:\/\/ingridglorie.nl\/index.php?rest_route=\/wp\/v2\/posts\/770\/revisions"}],"wp:featuredmedia":[{"embeddable":true,"href":"https:\/\/ingridglorie.nl\/index.php?rest_route=\/wp\/v2\/media\/771"}],"wp:attachment":[{"href":"https:\/\/ingridglorie.nl\/index.php?rest_route=%2Fwp%2Fv2%2Fmedia&parent=770"}],"wp:term":[{"taxonomy":"category","embeddable":true,"href":"https:\/\/ingridglorie.nl\/index.php?rest_route=%2Fwp%2Fv2%2Fcategories&post=770"},{"taxonomy":"post_tag","embeddable":true,"href":"https:\/\/ingridglorie.nl\/index.php?rest_route=%2Fwp%2Fv2%2Ftags&post=770"}],"curies":[{"name":"wp","href":"https:\/\/api.w.org\/{rel}","templated":true}]}}